{"id":1247,"date":"2025-06-08T10:25:45","date_gmt":"2025-06-08T08:25:45","guid":{"rendered":"https:\/\/www.parafiapelczyce.pl\/?p=1247"},"modified":"2025-06-08T10:26:53","modified_gmt":"2025-06-08T08:26:53","slug":"ogloszenia-duszpasterskie-8-06-2025","status":"publish","type":"post","link":"https:\/\/www.parafiapelczyce.pl\/index.php\/2025\/06\/08\/ogloszenia-duszpasterskie-8-06-2025\/","title":{"rendered":"Og\u0142oszenia duszpasterskie 8.06.2025"},"content":{"rendered":"<p align=\"justify\"><span class=\"size\"><span class=\"color\"><span class=\"font\"><b>1.<\/b><\/span><\/span> <span class=\"color\"><span class=\"font\"><span lang=\"pl-PL\">Dzisiejsza uroczysto\u015b\u0107 ko\u0144czy okres Wielkanocy. Przypominamy jednocze\u015bnie, \u017ce czas Komunii \u015bw. wielkanocnej tradycyjnie jest liczony do uroczysto\u015bci Tr\u00f3jcy Przenaj\u015bwi\u0119tszej, czyli do przysz\u0142ej niedzieli. Zach\u0119camy tych, kt\u00f3rzy z r\u00f3\u017cnych powod\u00f3w w tym czasie jeszcze nie wype\u0142nili trzeciego przykazania ko\u015bcielnego, aby skorzystali z sakramentu pokuty i zjednoczyli si\u0119 z Chrystusem w Eucharystii. Natomiast jutro<\/span><\/span><\/span> <span class=\"color\"><span class=\"font\"><span lang=\"pl-PL\"><b>Uroczysto\u015b\u0107 N M P Matki Ko\u015bcio\u0142a <\/b><\/span><\/span><\/span><span class=\"color\"><span class=\"font\"><span lang=\"pl-PL\">Patronki naszej diecezji.<\/span><\/span><\/span><\/span><\/p>\n<p align=\"justify\"><span class=\"size\"><span class=\"color\"><span class=\"font\"><span lang=\"pl-PL\"><b>2<\/b><\/span><\/span><\/span><span class=\"color\"><span class=\"font\"><span lang=\"pl-PL\">.<\/span><\/span><\/span> <span class=\"color\"><span class=\"font\"><span lang=\"pl-PL\">Nabo\u017ce\u0144stwo czerwcowe z Litani\u0105 do Serca Pana Jezusa <\/span><\/span><\/span><span class=\"color\"><span class=\"font\"><span lang=\"pl-PL\">w<\/span><\/span><\/span><span class=\"color\"><span class=\"font\"><span lang=\"pl-PL\"> naszej \u015bwi\u0105tyni o godz. 17.30.<\/span><\/span><\/span><\/span><\/p>\n<p align=\"justify\"><span class=\"size\"><span class=\"color\"><span class=\"font\"><b>3<\/b><\/span><\/span><span class=\"color\"><span class=\"font\">. W \u015brod\u0119 o godzinie 18.00 Nowenna do Matki Bo\u017cej Nieustaj\u0105cej Pomocy. Po Mszy \u015bw. zapraszamy na <\/span><\/span><span class=\"color\"><span class=\"font\"><b>adoracj\u0119 .<\/b><\/span><\/span><span class=\"color\"><span class=\"font\"> Okazja do spowiedzi \u015bw. od godziny 20.00.<\/span><\/span><\/span><\/p>\n<p align=\"justify\"><span class=\"size\"><span class=\"color\"><span class=\"font\"><b>4<\/b><\/span><\/span><span class=\"color\"><span class=\"font\">. <\/span><\/span><span class=\"color\"><span class=\"font\">W czwartek <\/span><\/span><span class=\"color\"><span class=\"font\">obchodzimy <\/span><\/span><span class=\"color\"><span class=\"font\"><b>\u015bwi\u0119to Jezusa Chrystusa Najwy\u017cszego i Wiecznego Kap\u0142ana<\/b><\/span><\/span><span class=\"color\"><span class=\"font\">. W naszej modlitwie pami\u0119tajmy o kap\u0142anach i wypraszajmy nowe powo\u0142ania kap\u0142a\u0144skie i zakonne.<\/span><\/span><\/span><\/p>\n<p align=\"justify\"><span class=\"size\"><span class=\"color\"><span class=\"font\"><span lang=\"pl-PL\"><b>5<\/b><\/span><\/span><\/span><span class=\"color\"><span class=\"font\"><span lang=\"pl-PL\">. <\/span><\/span><\/span><span class=\"color\"><span class=\"font\"><span lang=\"pl-PL\">W<\/span><\/span><\/span> <span class=\"color\"><span class=\"font\"><span lang=\"pl-PL\">pi\u0105tek<\/span><\/span><\/span><span class=\"color\"><span class=\"font\"><span lang=\"pl-PL\"> 13 <\/span><\/span><\/span><span class=\"color\"><span class=\"font\"><span lang=\"pl-PL\">czerwca<\/span><\/span><\/span> <span class=\"color\"><span class=\"font\"><span lang=\"pl-PL\"><b>Nabo\u017ce\u0144stwo fatimskie, <\/b><\/span><\/span><\/span><span class=\"color\"><span class=\"font\"><span lang=\"pl-PL\">po Mszy \u015awi\u0119tej o godz. 18.00. Zabierzmy ze sob\u0105 \u015bwiece. Serdecznie zapraszam na wsp\u00f3ln\u0105 modlitw\u0119 do Matki Naj\u015bwi\u0119tszej.<\/span><\/span><\/span><b> <\/b><span class=\"color\"><span class=\"font\"><span lang=\"pl-PL\">O Udekorowanie figury prosimy I<\/span><\/span><\/span><span class=\"color\"><span class=\"font\"><span lang=\"pl-PL\">I R\u017b.<\/span><\/span><\/span><\/span><\/p>\n<p align=\"justify\"><span class=\"size\"><span class=\"color\"><span class=\"font\"><b>6<\/b><\/span><\/span><span class=\"color\"><span class=\"font\">. <\/span><\/span><span class=\"color\"><span class=\"font\">Dzi\u0119kujemy bardzo dzieciom pierwszokomunijnym za dary: do ko\u015bcio\u0142a w Pe\u0142czycach za nowy Gong a do ko\u015bcio\u0142a w Jagowie za obrus o\u0142tarzowy, natomiast tym kt\u00f3rzy, przyj\u0119li sakrament bierzmowania za podstaw\u0119 pod msza\u0142 w ko\u015bciele parafialnym.<\/span><\/span><\/span><\/p>\n<p align=\"justify\"><span class=\"size\"><span class=\"color\"><span class=\"font\"><b>7<\/b><\/span><\/span><span class=\"color\"><span class=\"font\">. Bardzo dzi\u0119kujemy za wszelk\u0105 \u017cyczliwo\u015b\u0107 Wszystkim \u017cyczymy obfito\u015bci Bo\u017cego b\u0142ogos\u0142awie\u0144stwa i wzrastania w wierze.<\/span><\/span><\/span><\/p>\n<p align=\"justify\"><span class=\"size\"><span class=\"color\"><span class=\"font\"><b>8<\/b><\/span><\/span><span class=\"color\"><span class=\"font\">. <\/span><\/span><span class=\"color\"><span class=\"font\">W minionym tygodniu po\u017cegnali\u015bmy w naszej rodzinie parafialnej: <\/span><\/span><span class=\"color\"><span class=\"font\">+ <\/span><\/span><span class=\"color\"><span class=\"font\">El\u017cbiet\u0119 Erlich i Franciszka Kulet\u0119<\/span><\/span><\/span><\/p>\n<p align=\"justify\">\n<p align=\"justify\"><span class=\"color\"><span class=\"size\">Wasi duszpasterze<\/span><\/span><\/p>\n<p align=\"center\"><span class=\"color\"><span class=\"size\"><span class=\"font\"><i>Pok\u00f3j i dobro<\/i><\/span><\/span><\/span><\/p>\n<div><\/div>\n","protected":false},"excerpt":{"rendered":"<p>1. Dzisiejsza uroczysto\u015b\u0107 ko\u0144czy okres Wielkanocy. Przypominamy jednocze\u015bnie, \u017ce czas Komunii \u015bw. wielkanocnej tradycyjnie jest liczony do uroczysto\u015bci Tr\u00f3jcy Przenaj\u015bwi\u0119tszej, czyli do przysz\u0142ej niedzieli. Zach\u0119camy tych, kt\u00f3rzy z r\u00f3\u017cnych powod\u00f3w w tym czasie jeszcze nie wype\u0142nili trzeciego przykazania ko\u015bcielnego, aby&#8230;<\/p>\n","protected":false},"author":2,"featured_media":322,"comment_status":"open","ping_status":"open","sticky":false,"template":"","format":"standard","meta":{"footnotes":""},"categories":[4],"tags":[],"class_list":["post-1247","post","type-post","status-publish","format-standard","has-post-thumbnail","hentry","category-news","wpcat-4-id"],"_links":{"self":[{"href":"https:\/\/www.parafiapelczyce.pl\/index.php\/wp-json\/wp\/v2\/posts\/1247","targetHints":{"allow":["GET"]}}],"collection":[{"href":"https:\/\/www.parafiapelczyce.pl\/index.php\/wp-json\/wp\/v2\/posts"}],"about":[{"href":"https:\/\/www.parafiapelczyce.pl\/index.php\/wp-json\/wp\/v2\/types\/post"}],"author":[{"embeddable":true,"href":"https:\/\/www.parafiapelczyce.pl\/index.php\/wp-json\/wp\/v2\/users\/2"}],"replies":[{"embeddable":true,"href":"https:\/\/www.parafiapelczyce.pl\/index.php\/wp-json\/wp\/v2\/comments?post=1247"}],"version-history":[{"count":1,"href":"https:\/\/www.parafiapelczyce.pl\/index.php\/wp-json\/wp\/v2\/posts\/1247\/revisions"}],"predecessor-version":[{"id":1248,"href":"https:\/\/www.parafiapelczyce.pl\/index.php\/wp-json\/wp\/v2\/posts\/1247\/revisions\/1248"}],"wp:featuredmedia":[{"embeddable":true,"href":"https:\/\/www.parafiapelczyce.pl\/index.php\/wp-json\/wp\/v2\/media\/322"}],"wp:attachment":[{"href":"https:\/\/www.parafiapelczyce.pl\/index.php\/wp-json\/wp\/v2\/media?parent=1247"}],"wp:term":[{"taxonomy":"category","embeddable":true,"href":"https:\/\/www.parafiapelczyce.pl\/index.php\/wp-json\/wp\/v2\/categories?post=1247"},{"taxonomy":"post_tag","embeddable":true,"href":"https:\/\/www.parafiapelczyce.pl\/index.php\/wp-json\/wp\/v2\/tags?post=1247"}],"curies":[{"name":"wp","href":"https:\/\/api.w.org\/{rel}","templated":true}]}}