{"id":1422,"date":"2026-03-14T22:22:04","date_gmt":"2026-03-14T21:22:04","guid":{"rendered":"https:\/\/www.parafiapelczyce.pl\/?p=1422"},"modified":"2026-03-14T22:22:12","modified_gmt":"2026-03-14T21:22:12","slug":"ogloszenia-duszpasterskie-15-03-2026","status":"publish","type":"post","link":"https:\/\/www.parafiapelczyce.pl\/index.php\/2026\/03\/14\/ogloszenia-duszpasterskie-15-03-2026\/","title":{"rendered":"Og\u0142oszenia duszpasterskie 15.03.2026"},"content":{"rendered":"<p align=\"justify\"><span class=\"size\"><span class=\"color\"><span class=\"font\"><b>1.<\/b><\/span><\/span> <span class=\"color\"><span class=\"font\"><span lang=\"pl-PL\">Czwarta Niedziela Wielkiego Postu nazywana jest niedziel\u0105 <\/span><\/span><\/span><span class=\"color\"><span class=\"font\"><span lang=\"pl-PL\"><i>L\u00e6tare<\/i><\/span><\/span><\/span><span class=\"color\"><span class=\"font\"><span lang=\"pl-PL\">, co oznacza \u201ecieszcie si\u0119\u201d. Zbli\u017caj\u0105 si\u0119 bowiem \u015bwi\u0119te dni paschalne, podczas kt\u00f3rych B\u00f3g oka\u017ce swoje mi\u0142osierdzie<\/span><\/span><\/span><span class=\"color\"><span class=\"font\">.<\/span><\/span><\/span><\/p>\n<p align=\"justify\"><span class=\"size\"><span class=\"color\"><b>2<\/b><\/span><span class=\"color\"><b>.<\/b><\/span><span class=\"color\"> W \u015brod\u0119 o godzinie 18.00 Nowenna do Matki Bo\u017cej Nieustaj\u0105cej Pomocy. Po Mszy \u015bw. zapraszamy na <\/span><span class=\"color\"><b>adoracj\u0119.<\/b><\/span><span class=\"color\"> Okazja do spowiedzi \u015bw. od godziny 20.00.<\/span><\/span><\/p>\n<p align=\"justify\"><span class=\"size\"><span class=\"color\"><b>3<\/b><\/span><span class=\"color\">. W czwartek <\/span><span class=\"color\">obchodzimy <\/span><span class=\"color\"><b>Uroczysto\u015b\u0107 \u015bw. J\u00f3zefa oblubie\u0144ca Naj\u015bwi\u0119tszej Maryi Panny<\/b><\/span><span class=\"color\">. Na Msz\u0119 \u015bw. szczeg\u00f3lnie zapraszamy m\u0119\u017cczyzn aby poleca\u0107 ich \u015bw. J\u00f3zefowi.<\/span><\/span><\/p>\n<p align=\"justify\"><span class=\"size\"><span class=\"color\"><b>4.<\/b><\/span> <span class=\"color\"><span class=\"font\"><span lang=\"pl-PL\">W pi\u0105tki Wielkiego Postu zapraszam na <\/span><\/span><\/span><span class=\"color\"><span class=\"font\"><span lang=\"pl-PL\"><b>drog\u0119 Krzy\u017cowa<\/b><\/span><\/span><\/span><span class=\"color\"><span class=\"font\"><span lang=\"pl-PL\"> dzieci oraz doros\u0142yc<\/span><\/span><\/span><span class=\"color\"><span class=\"font\"><span lang=\"pl-PL\">h<\/span><\/span><\/span><span class=\"color\"><span class=\"font\"><span lang=\"pl-PL\"> o godzinie 17.30 natomiast m\u0142odzie\u017c o godzinie 20.00. Gorzkie \u017cale w niedziel\u0119 o godzinie 17.30. <\/span><\/span><\/span><span class=\"color\"><span class=\"font\"><span lang=\"pl-PL\">Ofiary zbierane w czasie Gorzkich \u017bali przeznaczone s\u0105 na kwiaty do Bo\u017cego Grobu.<\/span><\/span><\/span><\/span><\/p>\n<p align=\"justify\"><span class=\"color\"><span class=\"size\"><span class=\"font\"><span lang=\"pl-PL\"><b>5<\/b><\/span><\/span><span class=\"font\"><span lang=\"pl-PL\">. <\/span><\/span><span class=\"font\"><span lang=\"pl-PL\">CARITAS <\/span><\/span><span class=\"font\"><span lang=\"pl-PL\">prowadzi<\/span><\/span><span class=\"font\"><span lang=\"pl-PL\"> sprzeda\u017c \u015bwiec i barank\u00f3w wielkanocnych.<\/span><\/span><\/span><\/span><\/p>\n<p align=\"justify\"><span class=\"color\"><span class=\"size\"><span class=\"font\"><span lang=\"pl-PL\"><b>6<\/b><\/span><\/span><span class=\"font\"><span lang=\"pl-PL\">. W przysz\u0142y poniedzia\u0142ek 23 marca Ks. Abp. Wies\u0142aw \u015amigiel przyb\u0119dzie z wizytacj\u0105 duszpastersk\u0105 do naszej parafii. Serdecznie zapraszamy wszystkich do udzia\u0142u we Mszy \u015bw. o godzinie 18.00<\/span><\/span><\/span><\/span><\/p>\n<p align=\"justify\"><span class=\"color\"><span class=\"size\"><span class=\"font\"><span lang=\"pl-PL\"><b>7<\/b><\/span><\/span><span class=\"font\"><span lang=\"pl-PL\">. Miejsko \u2013 Gminny O\u015brodek Kultury zaprasza wszystkich do udzia\u0142u w konkursie na najpi\u0119kniejsz\u0105 wielkanocn\u0105 Palm\u0119. Serdecznie zach\u0119camy do podj\u0119cia wezwania.<\/span><\/span><\/span><\/span><\/p>\n<p align=\"justify\"><span class=\"size\"><span class=\"color\"><span class=\"font\"><b>8<\/b><\/span><\/span><span class=\"color\"><span class=\"font\"><b>.<\/b><\/span><\/span> <span class=\"color\"><span class=\"font\">Bardzo dzi\u0119kujemy za wszelk\u0105 \u017cyczliwo\u015b\u0107. <\/span><\/span><span class=\"color\"><span class=\"font\">Wszystkim \u017cyczymy obfito\u015bci Bo\u017cego b\u0142ogos\u0142awie\u0144stwa i wzrastania w wierze.<\/span><\/span><\/span><\/p>\n<p align=\"justify\"><span class=\"size\"><span class=\"color\"><span class=\"font\"><b>9<\/b><\/span><\/span><span class=\"color\"><span class=\"font\">. <\/span><\/span><span class=\"color\"><span class=\"font\">W minionym tygodniu po\u017cegnali\u015bmy w naszej rodzinie parafialnej: + <\/span><\/span><span class=\"color\"><span class=\"font\">Janin\u0119 Ma\u0142ysz<\/span><\/span><\/span><\/p>\n<p align=\"justify\">\n<p align=\"justify\"><span class=\"color\"><span class=\"size\">Wasi duszpasterze<\/span><\/span><\/p>\n<p align=\"center\"><span class=\"color\"><span class=\"font\"><span class=\"size\"><i><b>Pok\u00f3j i dobro<\/b><\/i><\/span><\/span><\/span><\/p>\n<div><\/div>\n","protected":false},"excerpt":{"rendered":"<p>1. Czwarta Niedziela Wielkiego Postu nazywana jest niedziel\u0105 L\u00e6tare, co oznacza \u201ecieszcie si\u0119\u201d. Zbli\u017caj\u0105 si\u0119 bowiem \u015bwi\u0119te dni paschalne, podczas kt\u00f3rych B\u00f3g oka\u017ce swoje mi\u0142osierdzie. 2. W \u015brod\u0119 o godzinie 18.00 Nowenna do Matki Bo\u017cej Nieustaj\u0105cej Pomocy. Po Mszy \u015bw&#8230;.<\/p>\n","protected":false},"author":2,"featured_media":1408,"comment_status":"open","ping_status":"open","sticky":false,"template":"","format":"standard","meta":{"footnotes":""},"categories":[4],"tags":[],"class_list":["post-1422","post","type-post","status-publish","format-standard","has-post-thumbnail","hentry","category-news","wpcat-4-id"],"_links":{"self":[{"href":"https:\/\/www.parafiapelczyce.pl\/index.php\/wp-json\/wp\/v2\/posts\/1422","targetHints":{"allow":["GET"]}}],"collection":[{"href":"https:\/\/www.parafiapelczyce.pl\/index.php\/wp-json\/wp\/v2\/posts"}],"about":[{"href":"https:\/\/www.parafiapelczyce.pl\/index.php\/wp-json\/wp\/v2\/types\/post"}],"author":[{"embeddable":true,"href":"https:\/\/www.parafiapelczyce.pl\/index.php\/wp-json\/wp\/v2\/users\/2"}],"replies":[{"embeddable":true,"href":"https:\/\/www.parafiapelczyce.pl\/index.php\/wp-json\/wp\/v2\/comments?post=1422"}],"version-history":[{"count":1,"href":"https:\/\/www.parafiapelczyce.pl\/index.php\/wp-json\/wp\/v2\/posts\/1422\/revisions"}],"predecessor-version":[{"id":1423,"href":"https:\/\/www.parafiapelczyce.pl\/index.php\/wp-json\/wp\/v2\/posts\/1422\/revisions\/1423"}],"wp:featuredmedia":[{"embeddable":true,"href":"https:\/\/www.parafiapelczyce.pl\/index.php\/wp-json\/wp\/v2\/media\/1408"}],"wp:attachment":[{"href":"https:\/\/www.parafiapelczyce.pl\/index.php\/wp-json\/wp\/v2\/media?parent=1422"}],"wp:term":[{"taxonomy":"category","embeddable":true,"href":"https:\/\/www.parafiapelczyce.pl\/index.php\/wp-json\/wp\/v2\/categories?post=1422"},{"taxonomy":"post_tag","embeddable":true,"href":"https:\/\/www.parafiapelczyce.pl\/index.php\/wp-json\/wp\/v2\/tags?post=1422"}],"curies":[{"name":"wp","href":"https:\/\/api.w.org\/{rel}","templated":true}]}}