{"id":1533,"date":"2026-04-26T09:34:32","date_gmt":"2026-04-26T07:34:32","guid":{"rendered":"https:\/\/www.parafiapelczyce.pl\/?p=1533"},"modified":"2026-04-26T09:34:49","modified_gmt":"2026-04-26T07:34:49","slug":"ogloszenia-duszpasterskie-26-04-2026","status":"publish","type":"post","link":"https:\/\/www.parafiapelczyce.pl\/index.php\/2026\/04\/26\/ogloszenia-duszpasterskie-26-04-2026\/","title":{"rendered":"Og\u0142oszenia duszpasterskie 26.04.2026"},"content":{"rendered":"<ol>\n<li>Dzi\u015b czwarta niedziela Wielkanocy, kt\u00f3r\u0105 nazywamy popularnie <strong>Niedziel\u0105 Dobrego Pasterza.<\/strong> Dzi\u015b przypada \u015awiatowy Dzie\u0144 Modlitw o Powo\u0142ania Kap\u0142a\u0144skie i Zakonne. Prosimy Jezusa Chrystusa, Dobrego Pasterza, aby nie zabrak\u0142o g\u0142osicieli Ewangelii i szafarzy sakrament\u00f3w \u015bwi\u0119tych.<\/li>\n<li>W \u015brod\u0119 o godzinie 18.00 Nowenna do Matki Bo\u017cej Nieustaj\u0105cej Pomocy. Po Mszy \u015bw. zapraszamy na <strong>adoracj\u0119 i czuwanie modlitewne.<\/strong> Okazja do spowiedzi \u015bw. od godziny 20.00.<\/li>\n<li>W pi\u0105tek wspominamy \u015bw. J\u00f3zefa rzemie\u015blnika i rozpoczynamy miesi\u0105c Maj. Zapraszamy na <strong>nabo\u017ce\u0144stwo majowe<\/strong> codziennie o godzinie 17.30. W pi\u0105tek odwiedziny chorych. Informujemy r\u00f3wnie\u017c, \u017ce ks. Arcybiskup udzieli\u0142 na pi\u0105tek dyspensy od pi\u0105tkowego postu.<\/li>\n<li>W pi\u0105tek o godzinie 19.00 serdecznie zapraszamy ma\u0142\u017ce\u0144stwa na modlitw\u0119 r\u00f3\u017ca\u0144cow\u0105 przed Panem Jezusem w Naj\u015bwi\u0119tszym Sakramencie. Zach\u0119camy to tej modlitwy aby ma\u0142\u017ce\u0144stwa by\u0142y silne Bo\u017c\u0105 mi\u0142o\u015bci\u0105.<\/li>\n<li>W sobot\u0119 2 maja, przypada uroczysto\u015b\u0107 <strong>Naj\u015bwi\u0119tszej Maryi Panny, Kr\u00f3lowej Polski<\/strong>, g\u0142\u00f3wnej Patronki naszej ojczyzny, przeniesiona liturgicznie z niedzieli. Uroczysta Msza \u015bw w intencji naszej Ojczyzny o godzinie 10.00. Zapraszamy na wsp\u00f3ln\u0105 modlitw\u0119, aby przez wstawiennictwo Kr\u00f3lowej Polski wyprasza\u0107 Bo\u017c\u0105 opiek\u0119 dla ca\u0142ego naszego narodu, szczeg\u00f3lnie dar jedno\u015bci i wzajemnego szacunku. B\u0119dziemy w modlitwie r\u00f3wnie\u017c pami\u0119ta\u0107 o druhnach i druhach naszej Ochotniczej Stra\u017cy Po\u017carnej wyra\u017caj\u0105c im wdzi\u0119czno\u015b\u0107 za ofiarn\u0105 s\u0142u\u017cb\u0119 dla nas wszystkich. Po Mszy \u015bw. przejdziemy pod figur\u0119 \u015bw. Jana Paw\u0142a II.<\/li>\n<li>W sobot\u0119 serdecznie zapraszamy m\u0119\u017cczyzn na <strong>m\u0119ski r\u00f3\u017caniec<\/strong> o godzinie 7.00 przed grot\u0105 Matki Bo\u017cej, natomiast kobiety do ko\u015bcio\u0142a. Po zako\u0144czonym r\u00f3\u017ca\u0144cu o 7.30 p\u00f3\u0142 godziny Adoracji.<\/li>\n<li>Bardzo dzi\u0119kujemy za wszelk\u0105 \u017cyczliwo\u015b\u0107. Wszystkim \u017cyczymy obfito\u015bci Bo\u017cego b\u0142ogos\u0142awie\u0144stwa i wzrastania w wierze.<\/li>\n<li>W minionym tygodniu w naszej wsp\u00f3lnocie po\u017cegnali\u015bmy \u015bp. Kewina Daszykowskiego.<\/li>\n<\/ol>\n<p>Wasi duszpasterze<\/p>\n<p style=\"text-align: center;\"><em>Pok\u00f3j i dobro<\/em><\/p>\n","protected":false},"excerpt":{"rendered":"<p>Dzi\u015b czwarta niedziela Wielkanocy, kt\u00f3r\u0105 nazywamy popularnie Niedziel\u0105 Dobrego Pasterza. Dzi\u015b przypada \u015awiatowy Dzie\u0144 Modlitw o Powo\u0142ania Kap\u0142a\u0144skie i Zakonne. Prosimy Jezusa Chrystusa, Dobrego Pasterza, aby nie zabrak\u0142o g\u0142osicieli Ewangelii i szafarzy sakrament\u00f3w \u015bwi\u0119tych. W \u015brod\u0119 o godzinie 18.00 Nowenna&#8230;<\/p>\n","protected":false},"author":2,"featured_media":304,"comment_status":"open","ping_status":"open","sticky":false,"template":"","format":"standard","meta":{"footnotes":""},"categories":[4],"tags":[],"class_list":["post-1533","post","type-post","status-publish","format-standard","has-post-thumbnail","hentry","category-news","wpcat-4-id"],"_links":{"self":[{"href":"https:\/\/www.parafiapelczyce.pl\/index.php\/wp-json\/wp\/v2\/posts\/1533","targetHints":{"allow":["GET"]}}],"collection":[{"href":"https:\/\/www.parafiapelczyce.pl\/index.php\/wp-json\/wp\/v2\/posts"}],"about":[{"href":"https:\/\/www.parafiapelczyce.pl\/index.php\/wp-json\/wp\/v2\/types\/post"}],"author":[{"embeddable":true,"href":"https:\/\/www.parafiapelczyce.pl\/index.php\/wp-json\/wp\/v2\/users\/2"}],"replies":[{"embeddable":true,"href":"https:\/\/www.parafiapelczyce.pl\/index.php\/wp-json\/wp\/v2\/comments?post=1533"}],"version-history":[{"count":1,"href":"https:\/\/www.parafiapelczyce.pl\/index.php\/wp-json\/wp\/v2\/posts\/1533\/revisions"}],"predecessor-version":[{"id":1534,"href":"https:\/\/www.parafiapelczyce.pl\/index.php\/wp-json\/wp\/v2\/posts\/1533\/revisions\/1534"}],"wp:featuredmedia":[{"embeddable":true,"href":"https:\/\/www.parafiapelczyce.pl\/index.php\/wp-json\/wp\/v2\/media\/304"}],"wp:attachment":[{"href":"https:\/\/www.parafiapelczyce.pl\/index.php\/wp-json\/wp\/v2\/media?parent=1533"}],"wp:term":[{"taxonomy":"category","embeddable":true,"href":"https:\/\/www.parafiapelczyce.pl\/index.php\/wp-json\/wp\/v2\/categories?post=1533"},{"taxonomy":"post_tag","embeddable":true,"href":"https:\/\/www.parafiapelczyce.pl\/index.php\/wp-json\/wp\/v2\/tags?post=1533"}],"curies":[{"name":"wp","href":"https:\/\/api.w.org\/{rel}","templated":true}]}}