{"id":1537,"date":"2026-05-02T22:24:13","date_gmt":"2026-05-02T20:24:13","guid":{"rendered":"https:\/\/www.parafiapelczyce.pl\/?p=1537"},"modified":"2026-05-02T22:24:22","modified_gmt":"2026-05-02T20:24:22","slug":"ogloszenia-duszpasterskie-3-05-2026","status":"publish","type":"post","link":"https:\/\/www.parafiapelczyce.pl\/index.php\/2026\/05\/02\/ogloszenia-duszpasterskie-3-05-2026\/","title":{"rendered":"Og\u0142oszenia duszpasterskie 3.05.2026"},"content":{"rendered":"<p align=\"justify\"><strong>1.<\/strong> Dzi\u015b pi\u0105ta niedziela Wielkanocy. Po raz kolejny gromadzimy si\u0119 na \u015awi\u0119tej Wieczerzy, aby pokrzepia\u0107 si\u0119 s\u0142owem Bo\u017cym i Chlebem eucharystycznym. Umocnieni Bo\u017cymi darami b\u0119dziemy wkracza\u0107 w nowe wyzwania kolejnego tygodnia i dawa\u0107 \u015bwiadectwo wiary w\u00a0Zmartwychwsta\u0142ego Pana.<\/p>\n<p align=\"justify\"><strong>2<\/strong>. Trwa miesi\u0105c maj, w kt\u00f3rym w spos\u00f3b szczeg\u00f3lny oddajemy cze\u015b\u0107 Matce Zbawiciela. W naszej \u015bwi\u0105tyni <strong>nabo\u017ce\u0144stwo majowe<\/strong> o godz. 17.30.<\/p>\n<p align=\"justify\"><strong>3. <\/strong>Jutro pierwszy poniedzia\u0142ek miesi\u0105ca. Msza \u015bw. za wstawiennictwem <strong>\u015bw. Franciszka z Asy\u017cu patrona miasta i gminy Pe\u0142czyce<\/strong> w intencjach naszych i tych zapisywanych w ksi\u0119dze przy relikwiach. Jutro na msz\u0119 \u015bw. zapraszam kandydat\u00f3w do bierzmowania.<\/p>\n<p align=\"justify\"><strong>4<\/strong>. W \u015brod\u0119 o godzinie 18.00 Nowenna do Matki Bo\u017cej Nieustaj\u0105cej Pomocy. Po Mszy \u015bw. zapraszamy na <strong>adoracj\u0119 i czuwanie modlitewne.<\/strong> Okazja do spowiedzi \u015bw. od godziny 20.00<\/p>\n<p align=\"justify\"><strong>5<\/strong>. W pi\u0105tek obchodzimy <strong>Uroczysto\u015b\u0107 \u015aw. Stanis\u0142awa biskupa i m\u0119czennika<\/strong> g\u0142\u00f3wnego patrona Polski.<\/p>\n<p align=\"justify\"><strong>6<\/strong>. Bardzo dzi\u0119kujemy za wszelk\u0105 \u017cyczliwo\u015b\u0107. Wszystkim \u017cyczymy obfito\u015bci Bo\u017cego b\u0142ogos\u0142awie\u0144stwa i wzrastania w wierze.<\/p>\n<p>&nbsp;<\/p>\n<p align=\"justify\">Wasi duszpasterze<\/p>\n<p align=\"center\"><em>Pok\u00f3j i dobro<\/em><\/p>\n","protected":false},"excerpt":{"rendered":"<p>1. Dzi\u015b pi\u0105ta niedziela Wielkanocy. Po raz kolejny gromadzimy si\u0119 na \u015awi\u0119tej Wieczerzy, aby pokrzepia\u0107 si\u0119 s\u0142owem Bo\u017cym i Chlebem eucharystycznym. Umocnieni Bo\u017cymi darami b\u0119dziemy wkracza\u0107 w nowe wyzwania kolejnego tygodnia i dawa\u0107 \u015bwiadectwo wiary w\u00a0Zmartwychwsta\u0142ego Pana. 2. Trwa miesi\u0105c&#8230;<\/p>\n","protected":false},"author":2,"featured_media":1538,"comment_status":"open","ping_status":"open","sticky":false,"template":"","format":"standard","meta":{"footnotes":""},"categories":[4],"tags":[],"class_list":["post-1537","post","type-post","status-publish","format-standard","has-post-thumbnail","hentry","category-news","wpcat-4-id"],"_links":{"self":[{"href":"https:\/\/www.parafiapelczyce.pl\/index.php\/wp-json\/wp\/v2\/posts\/1537","targetHints":{"allow":["GET"]}}],"collection":[{"href":"https:\/\/www.parafiapelczyce.pl\/index.php\/wp-json\/wp\/v2\/posts"}],"about":[{"href":"https:\/\/www.parafiapelczyce.pl\/index.php\/wp-json\/wp\/v2\/types\/post"}],"author":[{"embeddable":true,"href":"https:\/\/www.parafiapelczyce.pl\/index.php\/wp-json\/wp\/v2\/users\/2"}],"replies":[{"embeddable":true,"href":"https:\/\/www.parafiapelczyce.pl\/index.php\/wp-json\/wp\/v2\/comments?post=1537"}],"version-history":[{"count":1,"href":"https:\/\/www.parafiapelczyce.pl\/index.php\/wp-json\/wp\/v2\/posts\/1537\/revisions"}],"predecessor-version":[{"id":1539,"href":"https:\/\/www.parafiapelczyce.pl\/index.php\/wp-json\/wp\/v2\/posts\/1537\/revisions\/1539"}],"wp:featuredmedia":[{"embeddable":true,"href":"https:\/\/www.parafiapelczyce.pl\/index.php\/wp-json\/wp\/v2\/media\/1538"}],"wp:attachment":[{"href":"https:\/\/www.parafiapelczyce.pl\/index.php\/wp-json\/wp\/v2\/media?parent=1537"}],"wp:term":[{"taxonomy":"category","embeddable":true,"href":"https:\/\/www.parafiapelczyce.pl\/index.php\/wp-json\/wp\/v2\/categories?post=1537"},{"taxonomy":"post_tag","embeddable":true,"href":"https:\/\/www.parafiapelczyce.pl\/index.php\/wp-json\/wp\/v2\/tags?post=1537"}],"curies":[{"name":"wp","href":"https:\/\/api.w.org\/{rel}","templated":true}]}}