{"id":1655,"date":"2026-08-30T08:07:59","date_gmt":"2026-08-30T06:07:59","guid":{"rendered":"https:\/\/www.parafiapelczyce.pl\/?p=1655"},"modified":"2026-08-30T17:47:01","modified_gmt":"2026-08-30T15:47:01","slug":"ogloszenia-duszpasterskie-30-08-2026","status":"publish","type":"post","link":"https:\/\/www.parafiapelczyce.pl\/index.php\/2026\/08\/30\/ogloszenia-duszpasterskie-30-08-2026\/","title":{"rendered":"Og\u0142oszenia duszpasterskie 30.08.2026"},"content":{"rendered":"<p align=\"justify\"><strong>1. <\/strong>W dzisiejsz\u0105 Niedziel\u0119 <strong>w Chrapowie &#8211; Do\u017cynki<\/strong>. Msza \u015bw. o godzinie 14.00, natomiast po mszy \u015bw. pocz\u0119stunek na \u015bwietlicy.<\/p>\n<p align=\"justify\"><strong>2<\/strong>. Kaplica Adoracji w niedziel\u0119 jest otwarta od godziny 10.00. Serdecznie zapraszam do trwania na modlitwie.<\/p>\n<p align=\"justify\"><strong>3<\/strong>. We wtorek rozpoczynamy <strong>Rok Szkolny<\/strong>. Zapraszamy na Msz\u0119 \u015bw. wszystkich pracownik\u00f3w naszych szk\u00f3\u0142. Msza \u015bw. w Pe\u0142czycach o godzinie 8.00.<\/p>\n<p align=\"justify\"><strong>4<\/strong>. W \u015brod\u0119 zapraszamy na Nowenn\u0119 do Matki Bo\u017cej Nieustaj\u0105cej Pomocy. Po Mszy \u015bw. czas na <strong>adoracj\u0119 do godziny 21.00<\/strong>. Od godziny 20.00 okazja do spowiedzi \u015bw.<\/p>\n<p align=\"justify\"><strong>5<\/strong>. W tym tygodniu przypada <strong>pierwszy czwartek, pierwszy pi\u0105tek i pierwsza sobota<\/strong> miesi\u0105ca:<\/p>\n<p align=\"justify\">&#8211; w czwartek na Mszy \u015bw. modlimy si\u0119 o u\u015bwi\u0119cenie kap\u0142an\u00f3w oraz o\u00a0nowe powo\u0142ania.<\/p>\n<p align=\"justify\">&#8211; w pi\u0105tek odwiedziny chorych od godziny 9.00. Okazja do spowiedzi \u015bw. od godziny 17.00, szczeg\u00f3lnie zapraszam dzieci z klas 4.<\/p>\n<p align=\"justify\"><strong>&#8211; <\/strong>W sobot\u0119 serdecznie zapraszam m\u0119\u017cczyzn na m\u0119ski r\u00f3\u017caniec o godzinie 7.00 przed grot\u0105 Matki Bo\u017cej, natomiast kobiety do ko\u015bcio\u0142a. Po zako\u0144czonym r\u00f3\u017ca\u0144cu o 7.30 Msza \u015bw. Wynagradzaj\u0105ca Niepokalanemu Sercu Maryi na kt\u00f3r\u0105 wszyscy jeste\u015bmy zaproszeni, nast\u0119pnie adoracja w kaplicy.<\/p>\n<p align=\"justify\"><strong>6<\/strong>. W sobot\u0119 jeste\u015bmy zaproszeni na Gminne Do\u017cynki do Jaros\u0142awska. Do\u017cynki rozpoczn\u0105 si\u0119 msz\u0105 \u015bw. o godzinie 13.00 w ko\u015bciele w Jaros\u0142awsku.<\/p>\n<p align=\"justify\"><strong>7<\/strong>. W przysz\u0142\u0105 niedziel\u0119 na mszy \u015bw. o godzinie 9.00 po\u015bwi\u0119cenie tornistr\u00f3w dla uczni\u00f3w klas I.<\/p>\n<p align=\"justify\"><strong>8<\/strong>. Bardzo dzi\u0119kujemy za wszelk\u0105 \u017cyczliwo\u015b\u0107. Wszystkim \u017cyczymy obfito\u015bci Bo\u017cego<\/p>\n<p align=\"justify\">b\u0142ogos\u0142awie\u0144stwa i wzrastania w wierze.<\/p>\n<p align=\"justify\"><strong>9<\/strong>. W minionym tygodniu po\u017cegnali\u015bmy: + Adama Nogalskiego<\/p>\n<p>&nbsp;<\/p>\n<p align=\"justify\">Wasz duszpasterz<\/p>\n<p align=\"center\"><em>Pok\u00f3j i dobro<\/em><\/p>\n","protected":false},"excerpt":{"rendered":"<p>1. W dzisiejsz\u0105 Niedziel\u0119 w Chrapowie &#8211; Do\u017cynki. Msza \u015bw. o godzinie 14.00, natomiast po mszy \u015bw. pocz\u0119stunek na \u015bwietlicy. 2. Kaplica Adoracji w niedziel\u0119 jest otwarta od godziny 10.00. Serdecznie zapraszam do trwania na modlitwie. 3. We wtorek rozpoczynamy&#8230;<\/p>\n","protected":false},"author":2,"featured_media":852,"comment_status":"closed","ping_status":"open","sticky":false,"template":"","format":"standard","meta":{"footnotes":""},"categories":[4],"tags":[],"class_list":["post-1655","post","type-post","status-publish","format-standard","has-post-thumbnail","hentry","category-news","wpcat-4-id"],"_links":{"self":[{"href":"https:\/\/www.parafiapelczyce.pl\/index.php\/wp-json\/wp\/v2\/posts\/1655","targetHints":{"allow":["GET"]}}],"collection":[{"href":"https:\/\/www.parafiapelczyce.pl\/index.php\/wp-json\/wp\/v2\/posts"}],"about":[{"href":"https:\/\/www.parafiapelczyce.pl\/index.php\/wp-json\/wp\/v2\/types\/post"}],"author":[{"embeddable":true,"href":"https:\/\/www.parafiapelczyce.pl\/index.php\/wp-json\/wp\/v2\/users\/2"}],"replies":[{"embeddable":true,"href":"https:\/\/www.parafiapelczyce.pl\/index.php\/wp-json\/wp\/v2\/comments?post=1655"}],"version-history":[{"count":2,"href":"https:\/\/www.parafiapelczyce.pl\/index.php\/wp-json\/wp\/v2\/posts\/1655\/revisions"}],"predecessor-version":[{"id":1659,"href":"https:\/\/www.parafiapelczyce.pl\/index.php\/wp-json\/wp\/v2\/posts\/1655\/revisions\/1659"}],"wp:featuredmedia":[{"embeddable":true,"href":"https:\/\/www.parafiapelczyce.pl\/index.php\/wp-json\/wp\/v2\/media\/852"}],"wp:attachment":[{"href":"https:\/\/www.parafiapelczyce.pl\/index.php\/wp-json\/wp\/v2\/media?parent=1655"}],"wp:term":[{"taxonomy":"category","embeddable":true,"href":"https:\/\/www.parafiapelczyce.pl\/index.php\/wp-json\/wp\/v2\/categories?post=1655"},{"taxonomy":"post_tag","embeddable":true,"href":"https:\/\/www.parafiapelczyce.pl\/index.php\/wp-json\/wp\/v2\/tags?post=1655"}],"curies":[{"name":"wp","href":"https:\/\/api.w.org\/{rel}","templated":true}]}}