{"id":1660,"date":"2026-09-05T19:03:08","date_gmt":"2026-09-05T17:03:08","guid":{"rendered":"https:\/\/www.parafiapelczyce.pl\/?p=1660"},"modified":"2026-09-05T19:03:22","modified_gmt":"2026-09-05T17:03:22","slug":"ogloszenia-duszpasterskie-6-09-2026","status":"publish","type":"post","link":"https:\/\/www.parafiapelczyce.pl\/index.php\/2026\/09\/05\/ogloszenia-duszpasterskie-6-09-2026\/","title":{"rendered":"Og\u0142oszenia duszpasterskie 6.09.2026"},"content":{"rendered":"<p align=\"justify\"><strong>1. <\/strong>Jutro pierwszy poniedzia\u0142ek miesi\u0105ca. Po Mszy \u015bw. b\u0119dziemy si\u0119 modli\u0107 za wstawiennictwem \u015bw. Franciszka w intencji naszej rodziny parafialnej, ca\u0142ej gminy oraz w intencjach wpisywanych do ksi\u0119gi przy relikwiach.<\/p>\n<p align=\"justify\"><strong>2<\/strong>. Kaplica Adoracji w niedziel\u0119 jest otwarta od godziny 10.00. Serdecznie zapraszam do trwania na modlitwie.<\/p>\n<p align=\"justify\"><strong>3<\/strong>. W poniedzia\u0142ek po mszy \u015bw. spotkanie CARITAS na plebanii.<\/p>\n<p align=\"justify\"><strong>4<\/strong>. We wtorek na msz\u0119 \u015bw. zapraszam rodzic\u00f3w dzieci przygotowuj\u0105cych si\u0119 do I komunii \u015bw.<\/p>\n<p align=\"justify\"><strong>5<\/strong>. W \u015brod\u0119 zapraszamy na Nowenn\u0119 do Matki Bo\u017cej Nieustaj\u0105cej Pomocy. Po Mszy \u015bw. czas na <strong>adoracj\u0119 do godziny 21.00<\/strong>. Od godziny 20.00 okazja do spowiedzi \u015bw.<\/p>\n<p align=\"justify\"><strong>6<\/strong>. W pi\u0105tek zapraszam do sprz\u0105tania naszej \u015bwi\u0105tyni o godzinie 19.00.<\/p>\n<p align=\"justify\"><strong>7<\/strong>. W nast\u0119pn\u0105 niedziel\u0119, 13 wrze\u015bnia, b\u0119dziemy prze\u017cywa\u0107 w naszej rodzinie parafialnej uroczysto\u015b\u0107 odpustow\u0105<strong> Narodzenia Naj\u015bwi\u0119tszej Maryi Panny<\/strong>. W Polsce ten liturgiczny obch\u00f3d nazywany jest popularnie \u015bwi\u0119tem Matki Bo\u017cej Siewnej. Rozpoczniemy modlitw\u0105 r\u00f3\u017ca\u0144cow\u0105 o godzinie 12.30. Msza \u015bw. o godzinie 13.00 i po Mszy \u015bw. procesja. Uroczysto\u015bci b\u0119dzie przewodniczy\u0142 ks. Marcin Korybalski notariusz Kurii Metropolitalnej w Gnie\u017anie. Bardzo prosz\u0119 o przygotowanie procesji, natomiast o udekorowanie figury Matki Bo\u017ce I R\u017bR. Szczeg\u00f3lnie zapraszam dzieci przygotowuj\u0105ce si\u0119 do I komunii \u015bw. oraz do sakramentu bierzmowania. W czasie Mszy \u015bw. po\u015bwi\u0119cenie ziarna na zasiew. <u>Po Mszy \u015bw. wszyscy zatrzymajmy si\u0119 na pocz\u0119stunek przy ko\u015bciele oraz zapro\u015bmy dzieci dla kt\u00f3rych b\u0119d\u0105 przygotowane atrakcje.<\/u><\/p>\n<p align=\"justify\"><strong>8<\/strong>. Bardzo dzi\u0119kujemy za wszelk\u0105 \u017cyczliwo\u015b\u0107. Wszystkim \u017cyczymy obfito\u015bci Bo\u017cego<\/p>\n<p align=\"justify\">b\u0142ogos\u0142awie\u0144stwa i wzrastania w wierze.<\/p>\n<p align=\"justify\"><strong>9<\/strong>. W minionym tygodniu po\u017cegnali\u015bmy: + Bogdana Tymeckiego<\/p>\n<p>&nbsp;<\/p>\n<p align=\"justify\">Wasz duszpasterz<\/p>\n<p align=\"center\"><em>Pok\u00f3j i dobro<\/em><\/p>\n","protected":false},"excerpt":{"rendered":"<p>1. Jutro pierwszy poniedzia\u0142ek miesi\u0105ca. Po Mszy \u015bw. b\u0119dziemy si\u0119 modli\u0107 za wstawiennictwem \u015bw. Franciszka w intencji naszej rodziny parafialnej, ca\u0142ej gminy oraz w intencjach wpisywanych do ksi\u0119gi przy relikwiach. 2. Kaplica Adoracji w niedziel\u0119 jest otwarta od godziny 10.00&#8230;.<\/p>\n","protected":false},"author":2,"featured_media":852,"comment_status":"closed","ping_status":"open","sticky":false,"template":"","format":"standard","meta":{"footnotes":""},"categories":[4],"tags":[],"class_list":["post-1660","post","type-post","status-publish","format-standard","has-post-thumbnail","hentry","category-news","wpcat-4-id"],"_links":{"self":[{"href":"https:\/\/www.parafiapelczyce.pl\/index.php\/wp-json\/wp\/v2\/posts\/1660","targetHints":{"allow":["GET"]}}],"collection":[{"href":"https:\/\/www.parafiapelczyce.pl\/index.php\/wp-json\/wp\/v2\/posts"}],"about":[{"href":"https:\/\/www.parafiapelczyce.pl\/index.php\/wp-json\/wp\/v2\/types\/post"}],"author":[{"embeddable":true,"href":"https:\/\/www.parafiapelczyce.pl\/index.php\/wp-json\/wp\/v2\/users\/2"}],"replies":[{"embeddable":true,"href":"https:\/\/www.parafiapelczyce.pl\/index.php\/wp-json\/wp\/v2\/comments?post=1660"}],"version-history":[{"count":1,"href":"https:\/\/www.parafiapelczyce.pl\/index.php\/wp-json\/wp\/v2\/posts\/1660\/revisions"}],"predecessor-version":[{"id":1661,"href":"https:\/\/www.parafiapelczyce.pl\/index.php\/wp-json\/wp\/v2\/posts\/1660\/revisions\/1661"}],"wp:featuredmedia":[{"embeddable":true,"href":"https:\/\/www.parafiapelczyce.pl\/index.php\/wp-json\/wp\/v2\/media\/852"}],"wp:attachment":[{"href":"https:\/\/www.parafiapelczyce.pl\/index.php\/wp-json\/wp\/v2\/media?parent=1660"}],"wp:term":[{"taxonomy":"category","embeddable":true,"href":"https:\/\/www.parafiapelczyce.pl\/index.php\/wp-json\/wp\/v2\/categories?post=1660"},{"taxonomy":"post_tag","embeddable":true,"href":"https:\/\/www.parafiapelczyce.pl\/index.php\/wp-json\/wp\/v2\/tags?post=1660"}],"curies":[{"name":"wp","href":"https:\/\/api.w.org\/{rel}","templated":true}]}}