{"id":683,"date":"2024-02-25T07:47:47","date_gmt":"2024-02-25T06:47:47","guid":{"rendered":"https:\/\/www.parafiapelczyce.pl\/?p=683"},"modified":"2024-02-25T07:50:39","modified_gmt":"2024-02-25T06:50:39","slug":"ogloszenia-duszpasterskie-25-02-2024","status":"publish","type":"post","link":"https:\/\/www.parafiapelczyce.pl\/index.php\/2024\/02\/25\/ogloszenia-duszpasterskie-25-02-2024\/","title":{"rendered":"Og\u0142oszenia duszpasterskie 25.02.2024"},"content":{"rendered":"<p align=\"justify\"><span class=\"size\"><span class=\"colour\"><span class=\"font\"><b>1<\/b><\/span><\/span><span class=\"colour\"><span class=\"font\">. W II Niedziel\u0119 Wielkiego Postu obchodzimy Niedziel\u0119 \u201eAd Gentes\u201d. W tym roku pod has\u0142em \u201dW Ko\u015bciele jeste\u015bmy wsp\u00f3lnot\u0105 misyjn\u0105\u201d. Niedziela ta ma na celu podkre\u015blenie wsp\u00f3lnotowego charakteru misyjnego zaanga\u017cowania. <\/span><\/span><span class=\"colour\"><span class=\"font\">Pami\u0119tajmy w modlitwie o misjonarzach.<\/span><\/span><\/span><\/p>\n<p align=\"justify\"><span class=\"size\"><span class=\"colour\"><b>2<\/b><\/span><span class=\"colour\">. W \u015brod\u0119 o godzinie 18.00 Nowenna do Matki Bo\u017cej Nieustaj\u0105cej Pomocy. Po Mszy \u015bw. zapraszamy na <\/span><span class=\"colour\"><b>adoracj\u0119 i czuwanie modlitewne.<\/b><\/span><span class=\"colour\"> Okazja do spowiedzi \u015bw. od godziny 20.00.<\/span><\/span><\/p>\n<p align=\"justify\"><span class=\"size\"><span class=\"colour\"><b>3<\/b><\/span><span class=\"colour\">. <\/span><span class=\"colour\"><span class=\"font\">W tym tygodniu przypada <\/span><\/span><span class=\"colour\"><span class=\"font\"><b>pierwszy pi\u0105tek i pierwsza sobota<\/b><\/span><\/span><span class=\"colour\"><span class=\"font\"> miesi\u0105ca:<\/span><\/span><\/span><\/p>\n<p align=\"justify\"><span class=\"size\">&#8211; w pi\u0105tek o godzinie 10.00 R\u00f3\u017caniec i <b>adoracja Naj\u015bwi\u0119tszego Sakramentu w ciszy do <\/b><b>Drogi Krzy\u017cowej<\/b>. Prosz\u0119 o zapisanie si\u0119 na godziny adoracji na kartce na stoliku. Okazja do spowiedzi \u015bw. od godz. 17.00. Odwiedziny chorych wyj\u0105tkowo w nast\u0119pny pi\u0105tek.<\/span><\/p>\n<p align=\"justify\"><span class=\"colour\"><span class=\"font\"><span class=\"size\">&#8211; W sobot\u0119 serdecznie zapraszam m\u0119\u017cczyzn na m\u0119ski r\u00f3\u017caniec o godzinie 7.00 przed grot\u0105 Matki Bo\u017cej, natomiast Panie zapraszamy do Ko\u015bcio\u0142a. Po zako\u0144czonym r\u00f3\u017ca\u0144cu o 7.30 Msza \u015bw. Wynagradzaj\u0105ca Niepokalanemu Sercu Maryi na kt\u00f3r\u0105 wszyscy jeste\u015bmy zaproszeni, nast\u0119pnie p\u00f3\u0142 godziny Adoracji przed Panem Jezusem<\/span><\/span><\/span><\/p>\n<p align=\"justify\"><span class=\"colour\"><span class=\"size\"><b>4<\/b>. <span class=\"font\">W pi\u0105tki Wielkiego Postu zapraszam na <\/span><span class=\"font\"><b>drog\u0119 Krzy\u017cowa<\/b><\/span><span class=\"font\"> dzieci oraz doros\u0142ych o godzinie 17.30 natomiast m\u0142odzie\u017c o godzinie 20.00. Gorzkie \u017cale w niedziel\u0119 o godzinie 17.30. <\/span><span class=\"font\">Ofiary zbierane w czasie Gorzkich \u017bali przeznaczone s\u0105 na kwiaty do Bo\u017cego Grobu.<\/span><\/span><\/span><\/p>\n<p align=\"justify\"><span class=\"colour\"><span class=\"size\"><span class=\"font\"><b>5<\/b><\/span><span class=\"font\">. Zach\u0119camy do wsparcia Ofiarami Arcybiskupiego Wy\u017cszego Seminarium Duchownego w Szczecinie. Troska o kszta\u0142towanie przysz\u0142ych kap\u0142an\u00f3w dla ka\u017cdego z nas jest wa\u017cna. Koperty na ten cel s\u0105 wy\u0142o\u017cone na kl\u0119cznikach przy relikwiach.<\/span><\/span><\/span><\/p>\n<p align=\"justify\"><span class=\"colour\"><span class=\"size\"><span class=\"font\"><b>6<\/b><\/span><span class=\"font\">. <\/span><span class=\"font\">Nasza parafia organizuje wyjazd na Misterium M\u0119ki Pa\u0144skiej do G\u00f3rki Klasztornej w dniu 23 marca. Koszt 90 z\u0142. Zapisy w zakrystii i u Pana Marcina Sitarza.<\/span><\/span><\/span><\/p>\n<p align=\"justify\"><span class=\"colour\"><span class=\"size\"><b>7<\/b>. Bardzo dzi\u0119kujemy za wszelk\u0105 \u017cyczliwo\u015b\u0107. Wszystkim solenizantom i jubilatom tego tygodnia \u017cyczymy obfito\u015bci Bo\u017cego b\u0142ogos\u0142awie\u0144stwa i wzrastania w wierze.<\/span><\/span><\/p>\n<p align=\"justify\"><span class=\"size\"><b>8<\/b>. W tym tygodniu w naszej rodzinie parafialnej po\u017cegnali\u015bmy: + Janusza Mazur, Bronis\u0142awa Gawin i Mariann\u0119 Dekar.<\/span><\/p>\n<p align=\"justify\">\n<p align=\"justify\"><span class=\"colour\"><span class=\"size\">Wasi duszpasterze<\/span><\/span><\/p>\n<p align=\"justify\"><span class=\"colour\"><span class=\"size\"><i>Pok\u00f3j i Dobro<\/i><\/span><\/span><\/p>\n","protected":false},"excerpt":{"rendered":"<p>1. W II Niedziel\u0119 Wielkiego Postu obchodzimy Niedziel\u0119 \u201eAd Gentes\u201d. W tym roku pod has\u0142em \u201dW Ko\u015bciele jeste\u015bmy wsp\u00f3lnot\u0105 misyjn\u0105\u201d. Niedziela ta ma na celu podkre\u015blenie wsp\u00f3lnotowego charakteru misyjnego zaanga\u017cowania. Pami\u0119tajmy w modlitwie o misjonarzach. 2. W \u015brod\u0119 o godzinie&#8230;<\/p>\n","protected":false},"author":2,"featured_media":680,"comment_status":"open","ping_status":"open","sticky":false,"template":"","format":"standard","meta":{"footnotes":""},"categories":[4],"tags":[],"class_list":["post-683","post","type-post","status-publish","format-standard","has-post-thumbnail","hentry","category-news","wpcat-4-id"],"_links":{"self":[{"href":"https:\/\/www.parafiapelczyce.pl\/index.php\/wp-json\/wp\/v2\/posts\/683","targetHints":{"allow":["GET"]}}],"collection":[{"href":"https:\/\/www.parafiapelczyce.pl\/index.php\/wp-json\/wp\/v2\/posts"}],"about":[{"href":"https:\/\/www.parafiapelczyce.pl\/index.php\/wp-json\/wp\/v2\/types\/post"}],"author":[{"embeddable":true,"href":"https:\/\/www.parafiapelczyce.pl\/index.php\/wp-json\/wp\/v2\/users\/2"}],"replies":[{"embeddable":true,"href":"https:\/\/www.parafiapelczyce.pl\/index.php\/wp-json\/wp\/v2\/comments?post=683"}],"version-history":[{"count":1,"href":"https:\/\/www.parafiapelczyce.pl\/index.php\/wp-json\/wp\/v2\/posts\/683\/revisions"}],"predecessor-version":[{"id":684,"href":"https:\/\/www.parafiapelczyce.pl\/index.php\/wp-json\/wp\/v2\/posts\/683\/revisions\/684"}],"wp:featuredmedia":[{"embeddable":true,"href":"https:\/\/www.parafiapelczyce.pl\/index.php\/wp-json\/wp\/v2\/media\/680"}],"wp:attachment":[{"href":"https:\/\/www.parafiapelczyce.pl\/index.php\/wp-json\/wp\/v2\/media?parent=683"}],"wp:term":[{"taxonomy":"category","embeddable":true,"href":"https:\/\/www.parafiapelczyce.pl\/index.php\/wp-json\/wp\/v2\/categories?post=683"},{"taxonomy":"post_tag","embeddable":true,"href":"https:\/\/www.parafiapelczyce.pl\/index.php\/wp-json\/wp\/v2\/tags?post=683"}],"curies":[{"name":"wp","href":"https:\/\/api.w.org\/{rel}","templated":true}]}}