{"id":734,"date":"2024-05-26T07:58:14","date_gmt":"2024-05-26T05:58:14","guid":{"rendered":"https:\/\/www.parafiapelczyce.pl\/?p=734"},"modified":"2024-05-26T07:59:37","modified_gmt":"2024-05-26T05:59:37","slug":"ogloszenia-duszpasterskie-26-05-2024","status":"publish","type":"post","link":"https:\/\/www.parafiapelczyce.pl\/index.php\/2024\/05\/26\/ogloszenia-duszpasterskie-26-05-2024\/","title":{"rendered":"Og\u0142oszenia duszpasterskie 26.05.2024"},"content":{"rendered":"<p align=\"justify\"><span class=\"size\"><span class=\"colour\"><span class=\"font\"><b>1<\/b><\/span><\/span><span class=\"colour\"><span class=\"font\">. <\/span><\/span><span class=\"colour\"><span class=\"font\"><span lang=\"pl-PL\">Dzi<\/span><\/span><\/span><span class=\"colour\"><span class=\"font\"><span lang=\"pl-PL\">siaj<\/span><\/span><\/span> <span class=\"colour\"><span class=\"font\"><span lang=\"pl-PL\"><b>uroczysto\u015b\u0107 Naj\u015bwi\u0119tszej Tr\u00f3jcy<\/b><\/span><\/span><\/span><span class=\"colour\"><span class=\"font\"><span lang=\"pl-PL\">, w kt\u00f3rej Ko\u015bci\u00f3\u0142 wyznaje wiar\u0119 w Jednego Boga w\u00a0Trzech Osobach. Ta prawda wiary przekracza mo\u017cliwo\u015bci naszego rozumu i pozostaje dla nas wielk\u0105 tajemnic\u0105. Najprostszym jej wyznaniem jest znak krzy\u017ca. Dzi\u015b ko\u0144czy si\u0119 okres wielkanocnej Komunii \u015awi\u0119tej. <\/span><\/span><\/span><span class=\"colour\"><span class=\"font\"><span lang=\"pl-PL\">Dzisiaj r\u00f3wnie\u017c <\/span><\/span><\/span><span class=\"colour\"><span class=\"font\"><span lang=\"pl-PL\"><b>Dzie\u0144 Mamy,<\/b><\/span><\/span><\/span><span class=\"colour\"><span class=\"font\"><span lang=\"pl-PL\"> pami\u0119tajmy w modlitwie o naszych mamach.<\/span><\/span><\/span><\/span><\/p>\n<p align=\"justify\"><span class=\"size\"><span class=\"colour\"><span class=\"font\"><b>2<\/b><\/span><\/span><span class=\"colour\"><span class=\"font\">. <\/span><\/span><span class=\"colour\"><span class=\"font\">W \u015brod\u0119<\/span><\/span> <span class=\"colour\"><span class=\"font\">ks. proboszcz odprawi Msz\u0119 \u015bw. dzi\u0119kczynn\u0105 z okazji 25 rocznicy \u015bwi\u0119ce\u0144 kap\u0142a\u0144skich. O <\/span><\/span><span class=\"colour\"><span class=\"font\">godzinie 18.00 nowenn<\/span><\/span><span class=\"colour\"><span class=\"font\">a<\/span><\/span><span class=\"colour\"><span class=\"font\"> do Matki Bo\u017cej Nieustaj\u0105cej Pomocy. Natomiast po Mszy \u015bw. <\/span><\/span><span class=\"colour\"><span class=\"font\"><b>adoracj<\/b><\/span><\/span><span class=\"colour\"><span class=\"font\"><b>a<\/b><\/span><\/span><span class=\"colour\"><span class=\"font\"><b> i czuwanie modlitewne<\/b><\/span><\/span><span class=\"colour\"><span class=\"font\">. Od godziny 20.00 okazja do spowiedzi \u015bw.<\/span><\/span><\/span><\/p>\n<p align=\"justify\"><span class=\"size\"><span class=\"colour\"><span class=\"font\"><b>3<\/b><\/span><\/span><span class=\"colour\"><span class=\"font\">. W czwartek, <\/span><\/span><span class=\"colour\"><span class=\"font\">30 maja<\/span><\/span><span class=\"colour\"><span class=\"font\">, b\u0119dziemy obchodzili uroczysto\u015b\u0107 <\/span><\/span><span class=\"colour\"><span class=\"font\"><b>Naj\u015bwi\u0119tszego Cia\u0142a i Krwi Chrystusa,<\/b><\/span><\/span><span class=\"colour\"><span class=\"font\"> -Bo\u017ce Cia\u0142<\/span><\/span><span class=\"colour\"><span class=\"font\">o<\/span><\/span><span class=\"colour\"><span class=\"font\">. Przez udzia\u0142 w procesji wyznajemy nasz\u0105 wiar\u0119 w realn\u0105 obecno\u015b\u0107 Chrystusa w Chlebie eucharystycznym. Procesja eucharystyczna do czterech o\u0142tarzy po Mszy \u015awi\u0119tej o godz. 10.00. Msz<\/span><\/span><span class=\"colour\"><span class=\"font\">a<\/span><\/span><span class=\"colour\"><span class=\"font\"> \u015bw. w tym dniu jeszcze o godzinie 18.00. Nie b\u0119dzie nabo\u017ce\u0144stwa <\/span><\/span><span class=\"colour\"><span class=\"font\">majowego<\/span><\/span><span class=\"colour\"><span class=\"font\"> o 17.30 poniewa\u017c b\u0119dziemy si\u0119 modli\u0107 litani\u0105 w czasie procesji. Prosz\u0119 o przygotowanie o\u0142tarzy w tradycyjnych miejscach i prosz\u0119 aby o\u0142tarze przygotowali: I \u2013 <\/span><\/span><span class=\"colour\"><span class=\"font\">M\u0142odzie\u017c i mieszka\u0144cy ulicy Bocznej<\/span><\/span><span class=\"colour\"><span class=\"font\">, II -Stra\u017cacy III \u2013 Rolnicy, IV \u2013 \u017bywy R\u00f3\u017caniec. W\u0142\u0105czmy si\u0119 czynnie w przygotowanie procesji, niech b\u0119dzie to wyraz naszej mi\u0142o\u015bci do Zbawiciela. Zapraszamy do niesienia chor\u0105gwi, feretron\u00f3w, dziewczynki do sypania kwiat\u00f3w. <\/span><\/span><span class=\"colour\"><span class=\"font\">W tym dniu dzieci z klasy IV bed\u0105 prze\u017cywa\u0142y rocznic\u0119 I Komunii \u015bw. <\/span><\/span><span class=\"colour\"><span class=\"font\">Msze \u015bw. na filiach: Niesporowice 7.30, Sarnik 8.30, Jagowo 9.00 i Chrapowo 10.00. Prosimy o udekorowanie naszych dom\u00f3w i okien<\/span><\/span><\/span><\/p>\n<p align=\"justify\"><span class=\"size\"><span class=\"colour\"><span class=\"font\"><b>4<\/b><\/span><\/span><span class=\"colour\"><span class=\"font\">. <\/span><\/span><span class=\"colour\"><span class=\"font\">Od soboty <\/span><\/span><span class=\"colour\"><span class=\"font\">Nabo\u017ce\u0144stwo czerwcowe z Litani\u0105 do Serca Pana Jezusa codziennie o\u00a0godz. 17.30. Serdecznie zapraszamy, a w szczeg\u00f3lno\u015bci w Oktawie Bo\u017cego Cia\u0142a.<\/span><\/span><\/span><\/p>\n<p align=\"justify\"><span class=\"size\"><span class=\"colour\"><span class=\"font\"><b>5<\/b><\/span><\/span><span class=\"colour\"><span class=\"font\">. <\/span><\/span><span class=\"colour\"><span class=\"font\">W sobot\u0119 serdecznie zapraszam<\/span><\/span><span class=\"colour\"><span class=\"font\">y<\/span><\/span><span class=\"colour\"><span class=\"font\"> m\u0119\u017cczyzn na m\u0119ski r\u00f3\u017caniec o godzinie 7.00 przed grot\u0105 Matki Bo\u017cej, natomiast kobiety do ko\u015bcio\u0142a. Po zako\u0144czonym r\u00f3\u017ca\u0144cu o 7.30 Msza \u015bw. Wynagradzaj\u0105ca Niepokalanemu Sercu Maryi na kt\u00f3r\u0105 wszyscy jeste\u015bmy zaproszeni, nast\u0119pnie p\u00f3\u0142 godziny Adoracji.<\/span><\/span><\/span><\/p>\n<p align=\"justify\"><span class=\"size\"><span class=\"colour\"><b>6<\/b><\/span><span class=\"colour\">. <\/span><span class=\"colour\">Bardzo dzi\u0119kujemy za wszelk\u0105 \u017cyczliwo\u015b\u0107. Wszystkim solenizantom i jubilatom tego tygodnia \u017cyczymy obfito\u015bci Bo\u017cego b\u0142ogos\u0142awie\u0144stwa i wzrastania w wierze.<\/span><\/span><\/p>\n<p align=\"justify\"><span class=\"size\"><span class=\"colour\"><b>7<\/b><\/span><span class=\"colour\">. <\/span><span class=\"colour\">W tym tygodniu w naszej rodzinie parafialnej po\u017cegnali\u015bmy: + Helen\u0119 Siupa<\/span><\/span><\/p>\n<p align=\"justify\"><span class=\"colour\"><span class=\"size\">Wasi duszpasterze<\/span><\/span><\/p>\n<p align=\"center\"><span class=\"colour\"><span class=\"font\"><span class=\"size\"><i>Pok\u00f3j i dobro<\/i><\/span><\/span><\/span><\/p>\n<div><\/div>\n","protected":false},"excerpt":{"rendered":"<p>1. Dzisiaj uroczysto\u015b\u0107 Naj\u015bwi\u0119tszej Tr\u00f3jcy, w kt\u00f3rej Ko\u015bci\u00f3\u0142 wyznaje wiar\u0119 w Jednego Boga w\u00a0Trzech Osobach. Ta prawda wiary przekracza mo\u017cliwo\u015bci naszego rozumu i pozostaje dla nas wielk\u0105 tajemnic\u0105. Najprostszym jej wyznaniem jest znak krzy\u017ca. Dzi\u015b ko\u0144czy si\u0119 okres wielkanocnej Komunii&#8230;<\/p>\n","protected":false},"author":2,"featured_media":326,"comment_status":"open","ping_status":"open","sticky":false,"template":"","format":"standard","meta":{"footnotes":""},"categories":[4],"tags":[],"class_list":["post-734","post","type-post","status-publish","format-standard","has-post-thumbnail","hentry","category-news","wpcat-4-id"],"_links":{"self":[{"href":"https:\/\/www.parafiapelczyce.pl\/index.php\/wp-json\/wp\/v2\/posts\/734","targetHints":{"allow":["GET"]}}],"collection":[{"href":"https:\/\/www.parafiapelczyce.pl\/index.php\/wp-json\/wp\/v2\/posts"}],"about":[{"href":"https:\/\/www.parafiapelczyce.pl\/index.php\/wp-json\/wp\/v2\/types\/post"}],"author":[{"embeddable":true,"href":"https:\/\/www.parafiapelczyce.pl\/index.php\/wp-json\/wp\/v2\/users\/2"}],"replies":[{"embeddable":true,"href":"https:\/\/www.parafiapelczyce.pl\/index.php\/wp-json\/wp\/v2\/comments?post=734"}],"version-history":[{"count":2,"href":"https:\/\/www.parafiapelczyce.pl\/index.php\/wp-json\/wp\/v2\/posts\/734\/revisions"}],"predecessor-version":[{"id":736,"href":"https:\/\/www.parafiapelczyce.pl\/index.php\/wp-json\/wp\/v2\/posts\/734\/revisions\/736"}],"wp:featuredmedia":[{"embeddable":true,"href":"https:\/\/www.parafiapelczyce.pl\/index.php\/wp-json\/wp\/v2\/media\/326"}],"wp:attachment":[{"href":"https:\/\/www.parafiapelczyce.pl\/index.php\/wp-json\/wp\/v2\/media?parent=734"}],"wp:term":[{"taxonomy":"category","embeddable":true,"href":"https:\/\/www.parafiapelczyce.pl\/index.php\/wp-json\/wp\/v2\/categories?post=734"},{"taxonomy":"post_tag","embeddable":true,"href":"https:\/\/www.parafiapelczyce.pl\/index.php\/wp-json\/wp\/v2\/tags?post=734"}],"curies":[{"name":"wp","href":"https:\/\/api.w.org\/{rel}","templated":true}]}}