{"id":758,"date":"2024-07-14T10:24:18","date_gmt":"2024-07-14T08:24:18","guid":{"rendered":"https:\/\/www.parafiapelczyce.pl\/?p=758"},"modified":"2024-07-14T10:24:49","modified_gmt":"2024-07-14T08:24:49","slug":"ogloszenia-duszpasterskie-14-07-2024","status":"publish","type":"post","link":"https:\/\/www.parafiapelczyce.pl\/index.php\/2024\/07\/14\/ogloszenia-duszpasterskie-14-07-2024\/","title":{"rendered":"Og\u0142oszenia duszpasterskie 14.07.2024"},"content":{"rendered":"<p align=\"justify\"><span class=\"size\"><span class=\"color\"><span class=\"font\"><b>1<\/b><\/span><\/span><span class=\"color\"><span class=\"font\">. <\/span><\/span><span class=\"color\"><span class=\"font\"><span lang=\"pl-PL\">Dzi<\/span><\/span><\/span><span class=\"color\"><span class=\"font\"><span lang=\"pl-PL\">siaj<\/span><\/span><\/span><span class=\"color\"><span class=\"font\"><span lang=\"pl-PL\"> przypada pi\u0119tnasta niedziela w ci\u0105gu roku. Na drogach wakacyjnego odpoczynku niech nie zabraknie spotkania z Bogiem w czasie Eucharystii. Pami\u0119tajmy o niedzielnym obowi\u0105zku uczestnictwa we Mszy \u015awi\u0119tej. Znajd\u017amy tak\u017ce czas na osobist\u0105 adoracj\u0119 Naj\u015bwi\u0119tszego Sakramentu i modlitw\u0119, aby umacnia\u0107 wi\u0119\u017a ze Zbawicielem.<\/span><\/span><\/span><\/span><\/p>\n<p align=\"justify\"><span class=\"size\"><b>2<\/b>. W \u015brod\u0119 o Nowenna do Matki Bo\u017cej Nieustaj\u0105cej Pomocy. Po Mszy \u015bw. zapraszamy na <b>adoracj\u0119 i czuwanie modlitewne<\/b>. Od godziny 20.00 okazja do spowiedzi \u015bw.<\/span><\/p>\n<div><span class=\"size\"><b>3. <\/b><\/span><span class=\"size\">W<\/span> <span class=\"size\">tym<\/span> <span class=\"size\">roku<\/span> <span class=\"size\">z<\/span> <span class=\"size\">naszej<\/span> <span class=\"size\">Archidiecezji<\/span> <span class=\"size\">wyruszy<\/span> <span class=\"size\">XXXX<\/span> <span class=\"size\">Szczeci\u0144ska<\/span> <span class=\"size\">Piesza<\/span><span class=\"size\"><br \/>\n<\/span><span class=\"size\">Pielgrzymka<\/span> <span class=\"size\">na Jasn\u0105 G\u00f3r\u0119. Uroczysta<\/span> <span class=\"size\">inauguracja<\/span> <span class=\"size\">pielgrzymki<\/span> <span class=\"size\">odb\u0119dzie<\/span> <span class=\"size\">si\u0119<\/span> <span class=\"size\">29<\/span> <span class=\"size\">lipca<\/span> <span class=\"size\">podczas Mszy<\/span> <span class=\"size\">\u015awi\u0119tej<\/span> <span class=\"size\">o<\/span> <span class=\"size\">godz.<\/span> <span class=\"size\">7.00<\/span> <span class=\"size\">w<\/span> <span class=\"size\">Sanktuarium<\/span> <span class=\"size\">Matki<\/span> <span class=\"size\">Bo\u017cej<\/span> <span class=\"size\">Fatimskiej<\/span> <span class=\"size\">na os. S\u0142onecznym w Szczecinie. <\/span><span class=\"size\">Serdecznie<\/span> <span class=\"size\">zapraszamy<\/span> <span class=\"size\">wszystkich<\/span> <span class=\"size\">do<\/span> <span class=\"size\">udzia\u0142u<\/span> <span class=\"size\">w<\/span> <span class=\"size\">pieszym pielgrzymowaniu<\/span> <span class=\"size\">na<\/span> <span class=\"size\">Jasn\u0105<\/span><span class=\"size\">G\u00f3r\u0119.<\/span><span class=\"size\"> I<\/span><span class=\"size\">nformacj\u0119<\/span> <span class=\"size\">w<\/span> <span class=\"size\">sprawie<\/span> <span class=\"size\">zapis\u00f3w na stronie internetowej<\/span><span class=\"size\">.<\/span><\/div>\n<p align=\"justify\"><span class=\"size\"><b>4<\/b><\/span><span class=\"size\">. <\/span><span class=\"size\">Zach\u0119camy do podzielenia si\u0119 kwiatami z naszych ogrod\u00f3w dla naszej \u015bwi\u0105tyni. W sobot\u0119 w drzwiach ko\u015bcio\u0142a b\u0119dzie sta\u0142o wiaderko do kt\u00f3rego mo\u017cna b\u0119dzie przynie\u015b\u0107 kwiaty.<\/span><\/p>\n<p align=\"justify\"><span class=\"size\"><span class=\"color\"><span class=\"font\"><b>5<\/b><\/span><\/span><span class=\"color\"><span class=\"font\"><b>. <\/b><\/span><\/span><span class=\"color\"><span class=\"font\">Bardzo dzi\u0119kujemy za wszelk\u0105 \u017cyczliwo\u015b\u0107. Wyje\u017cd\u017caj\u0105cym na wakacje \u017cyczymy dobrego wypoczynku i nabrania si\u0142 a go\u015bciom przyje\u017cd\u017caj\u0105cym do nas na urlop pi\u0119knych chwil w naszej uroczej ziemi Pe\u0142czyckiej.<\/span><\/span><\/span><\/p>\n<p align=\"justify\">\n<p align=\"justify\"><span class=\"color\"><span class=\"size\">Wasi duszpasterze<\/span><\/span><\/p>\n<p align=\"center\"><span class=\"color\"><span class=\"font\"><span class=\"size\"><i>Pok\u00f3j i dobro<\/i><\/span><\/span><\/span><\/p>\n","protected":false},"excerpt":{"rendered":"<p>1. Dzisiaj przypada pi\u0119tnasta niedziela w ci\u0105gu roku. Na drogach wakacyjnego odpoczynku niech nie zabraknie spotkania z Bogiem w czasie Eucharystii. Pami\u0119tajmy o niedzielnym obowi\u0105zku uczestnictwa we Mszy \u015awi\u0119tej. Znajd\u017amy tak\u017ce czas na osobist\u0105 adoracj\u0119 Naj\u015bwi\u0119tszego Sakramentu i modlitw\u0119, aby&#8230;<\/p>\n","protected":false},"author":2,"featured_media":7,"comment_status":"open","ping_status":"open","sticky":false,"template":"","format":"standard","meta":{"footnotes":""},"categories":[4],"tags":[],"class_list":["post-758","post","type-post","status-publish","format-standard","has-post-thumbnail","hentry","category-news","wpcat-4-id"],"_links":{"self":[{"href":"https:\/\/www.parafiapelczyce.pl\/index.php\/wp-json\/wp\/v2\/posts\/758","targetHints":{"allow":["GET"]}}],"collection":[{"href":"https:\/\/www.parafiapelczyce.pl\/index.php\/wp-json\/wp\/v2\/posts"}],"about":[{"href":"https:\/\/www.parafiapelczyce.pl\/index.php\/wp-json\/wp\/v2\/types\/post"}],"author":[{"embeddable":true,"href":"https:\/\/www.parafiapelczyce.pl\/index.php\/wp-json\/wp\/v2\/users\/2"}],"replies":[{"embeddable":true,"href":"https:\/\/www.parafiapelczyce.pl\/index.php\/wp-json\/wp\/v2\/comments?post=758"}],"version-history":[{"count":1,"href":"https:\/\/www.parafiapelczyce.pl\/index.php\/wp-json\/wp\/v2\/posts\/758\/revisions"}],"predecessor-version":[{"id":759,"href":"https:\/\/www.parafiapelczyce.pl\/index.php\/wp-json\/wp\/v2\/posts\/758\/revisions\/759"}],"wp:featuredmedia":[{"embeddable":true,"href":"https:\/\/www.parafiapelczyce.pl\/index.php\/wp-json\/wp\/v2\/media\/7"}],"wp:attachment":[{"href":"https:\/\/www.parafiapelczyce.pl\/index.php\/wp-json\/wp\/v2\/media?parent=758"}],"wp:term":[{"taxonomy":"category","embeddable":true,"href":"https:\/\/www.parafiapelczyce.pl\/index.php\/wp-json\/wp\/v2\/categories?post=758"},{"taxonomy":"post_tag","embeddable":true,"href":"https:\/\/www.parafiapelczyce.pl\/index.php\/wp-json\/wp\/v2\/tags?post=758"}],"curies":[{"name":"wp","href":"https:\/\/api.w.org\/{rel}","templated":true}]}}